{"id":940,"date":"2025-01-22T16:20:35","date_gmt":"2025-01-22T13:20:35","guid":{"rendered":"https:\/\/www.gedizserin.com\/fr\/?p=940"},"modified":"2025-01-22T16:20:35","modified_gmt":"2025-01-22T13:20:35","slug":"maladie-de-meniere","status":"publish","type":"post","link":"https:\/\/www.gedizserin.com\/fr\/maladie-de-meniere\/","title":{"rendered":"Maladie de M\u00e9ni\u00e8re"},"content":{"rendered":"<h2><strong>La Maladie de Meni\u00e8re<\/strong><\/h2>\n<p>La maladie de Meni\u00e8re est un trouble caus\u00e9 par un d\u00e9s\u00e9quilibre des fluides et une augmentation de la pression dans l&rsquo;oreille interne. La maladie se caract\u00e9rise par quatre sympt\u00f4mes principaux : <strong>des \u00e9pisodes r\u00e9currents de vertiges<\/strong>, <strong>une perte auditive<\/strong>, <strong>des acouph\u00e8nes (tinnitus)<\/strong> et <strong>une sensation de pl\u00e9nitude dans l&rsquo;oreille<\/strong>. Les \u00e9pisodes de vertiges peuvent durer de quelques minutes \u00e0 plusieurs heures et sont g\u00e9n\u00e9ralement accompagn\u00e9s de naus\u00e9es ou de vomissements. La perte auditive commence g\u00e9n\u00e9ralement d&rsquo;un c\u00f4t\u00e9 et peut s&rsquo;aggraver progressivement pour devenir bilat\u00e9rale. Les acouph\u00e8nes peuvent \u00eatre constants ou intermittents, tandis que la sensation de pl\u00e9nitude dans l&rsquo;oreille est \u00e9galement un sympt\u00f4me courant.<\/p>\n<h3><strong>Diagnostic<\/strong><\/h3>\n<p>Le diagnostic repose g\u00e9n\u00e9ralement sur les sympt\u00f4mes du patient et ses ant\u00e9c\u00e9dents m\u00e9dicaux. Cependant, il peut \u00eatre difficile d&rsquo;\u00e9tablir un diagnostic pr\u00e9cis. Les tests suivants peuvent \u00eatre r\u00e9alis\u00e9s pour soutenir le diagnostic :<\/p>\n<ul>\n<li>Tests auditifs<\/li>\n<li>Mesures de la pression dans l&rsquo;oreille interne<\/li>\n<li>Examens d&rsquo;imagerie (par exemple, IRM ou scanner)<\/li>\n<\/ul>\n<p>Ces tests peuvent donner des r\u00e9sultats plus pr\u00e9cis lorsqu&rsquo;ils sont r\u00e9alis\u00e9s pendant une crise, lorsque les sympt\u00f4mes sont les plus intenses.<\/p>\n<h3><strong>Traitement<\/strong><\/h3>\n<p>Il n&rsquo;existe pas de traitement d\u00e9finitif pour la maladie de Meni\u00e8re, mais plusieurs approches peuvent \u00eatre utilis\u00e9es pour soulager les sympt\u00f4mes et contr\u00f4ler les crises :<\/p>\n<ul>\n<li><strong>Modifications alimentaires<\/strong> : Un r\u00e9gime pauvre en sel peut \u00eatre recommand\u00e9.<\/li>\n<li><strong>Traitement m\u00e9dicamenteux<\/strong> : Des m\u00e9dicaments pour contr\u00f4ler les vertiges, les naus\u00e9es ou l&rsquo;\u00e9quilibre des fluides peuvent \u00eatre utilis\u00e9s.<\/li>\n<li><strong>Exercices d&rsquo;\u00e9quilibre<\/strong> : Ils peuvent aider \u00e0 stabiliser l&rsquo;oreille interne.<\/li>\n<li><strong>Intervention chirurgicale<\/strong> : Dans les cas graves et incontr\u00f4lables, cela peut \u00eatre envisag\u00e9, mais cela reste rare.<\/li>\n<\/ul>\n<h3><strong>Am\u00e9lioration de la Qualit\u00e9 de Vie<\/strong><\/h3>\n<p>La maladie de Meni\u00e8re \u00e9tant un trouble chronique, des mesures doivent \u00eatre prises pour am\u00e9liorer la qualit\u00e9 de vie :<\/p>\n<ul>\n<li>Consultations m\u00e9dicales r\u00e9guli\u00e8res<\/li>\n<li>Adopter un mode de vie sain<\/li>\n<li>Techniques de gestion du stress (par exemple, m\u00e9ditation ou yoga)<\/li>\n<\/ul>\n<h3><strong>Conclusion<\/strong><\/h3>\n<p>La maladie de Meni\u00e8re peut durer toute la vie et ses sympt\u00f4mes peuvent fluctuer. Cependant, avec un diagnostic pr\u00e9coce, un traitement efficace et des ajustements de mode de vie, les sympt\u00f4mes peuvent \u00eatre ma\u00eetris\u00e9s et les patients peuvent mener une vie plus confortable.<\/p>\n","protected":false},"excerpt":{"rendered":"<p>La Maladie de Meni\u00e8re La maladie de Meni\u00e8re est un trouble caus\u00e9 par un d\u00e9s\u00e9quilibre des fluides et une augmentation de la pression dans l&rsquo;oreille interne. La maladie se caract\u00e9rise par quatre sympt\u00f4mes principaux : des \u00e9pisodes r\u00e9currents de vertiges, une perte auditive, des acouph\u00e8nes (tinnitus) et une sensation de pl\u00e9nitude dans l&rsquo;oreille. Les \u00e9pisodes [&hellip;]<\/p>\n","protected":false},"author":1,"featured_media":941,"comment_status":"open","ping_status":"open","sticky":false,"template":"","format":"standard","meta":{"footnotes":""},"categories":[13],"tags":[],"class_list":["post-940","post","type-post","status-publish","format-standard","has-post-thumbnail","hentry","category-maladies-orl"],"_links":{"self":[{"href":"https:\/\/www.gedizserin.com\/fr\/wp-json\/wp\/v2\/posts\/940","targetHints":{"allow":["GET"]}}],"collection":[{"href":"https:\/\/www.gedizserin.com\/fr\/wp-json\/wp\/v2\/posts"}],"about":[{"href":"https:\/\/www.gedizserin.com\/fr\/wp-json\/wp\/v2\/types\/post"}],"author":[{"embeddable":true,"href":"https:\/\/www.gedizserin.com\/fr\/wp-json\/wp\/v2\/users\/1"}],"replies":[{"embeddable":true,"href":"https:\/\/www.gedizserin.com\/fr\/wp-json\/wp\/v2\/comments?post=940"}],"version-history":[{"count":2,"href":"https:\/\/www.gedizserin.com\/fr\/wp-json\/wp\/v2\/posts\/940\/revisions"}],"predecessor-version":[{"id":943,"href":"https:\/\/www.gedizserin.com\/fr\/wp-json\/wp\/v2\/posts\/940\/revisions\/943"}],"wp:featuredmedia":[{"embeddable":true,"href":"https:\/\/www.gedizserin.com\/fr\/wp-json\/wp\/v2\/media\/941"}],"wp:attachment":[{"href":"https:\/\/www.gedizserin.com\/fr\/wp-json\/wp\/v2\/media?parent=940"}],"wp:term":[{"taxonomy":"category","embeddable":true,"href":"https:\/\/www.gedizserin.com\/fr\/wp-json\/wp\/v2\/categories?post=940"},{"taxonomy":"post_tag","embeddable":true,"href":"https:\/\/www.gedizserin.com\/fr\/wp-json\/wp\/v2\/tags?post=940"}],"curies":[{"name":"wp","href":"https:\/\/api.w.org\/{rel}","templated":true}]}}