{"id":776,"date":"2024-11-27T14:44:20","date_gmt":"2024-11-27T11:44:20","guid":{"rendered":"https:\/\/www.gedizserin.com\/fr\/?p=776"},"modified":"2024-11-27T14:44:20","modified_gmt":"2024-11-27T11:44:20","slug":"sarcomes-de-la-tete-et-du-cou","status":"publish","type":"post","link":"https:\/\/www.gedizserin.com\/fr\/sarcomes-de-la-tete-et-du-cou\/","title":{"rendered":"Sarcomes de la T\u00eate et du Cou"},"content":{"rendered":"<h2>Sarcomes de la t\u00eate et du cou : qu&rsquo;est-ce que c&rsquo;est ?<\/h2>\n<p>Les sarcomes sont des tumeurs rares qui prennent naissance dans les tissus conjonctifs, tels que les graisses, les nerfs, les os, la peau et les muscles. Les sarcomes de la t\u00eate et du cou repr\u00e9sentent environ 1 % des tumeurs malignes de cette r\u00e9gion et 5 % de tous les sarcomes. Environ 80 % de ces tumeurs proviennent des tissus mous, tandis que 20 % prennent leur origine dans les os. Les sarcomes sont des cancers complexes, tant au niveau du diagnostic que du traitement.<\/p>\n<h2>Causes des sarcomes de la t\u00eate et du cou<\/h2>\n<p>La plupart des causes des sarcomes restent inconnues, bien que des facteurs g\u00e9n\u00e9tiques et environnementaux semblent jouer un r\u00f4le. Voici les principales causes identifi\u00e9es :<\/p>\n<ul>\n<li><strong>Facteurs g\u00e9n\u00e9tiques :<\/strong> Des maladies comme le syndrome de Li-Fraumeni, le r\u00e9tinoblastome familial et la neurofibromatose de type 1 peuvent pr\u00e9disposer au d\u00e9veloppement de certains sarcomes de la t\u00eate et du cou.<\/li>\n<li><strong>Exposition \u00e0 des substances toxiques :<\/strong> Une exposition prolong\u00e9e \u00e0 des produits chimiques ou des radioth\u00e9rapies ant\u00e9rieures pour d&rsquo;autres cancers peut favoriser l&rsquo;apparition de sarcomes.<\/li>\n<\/ul>\n<p>Ces facteurs de risque varient en fonction des ant\u00e9c\u00e9dents g\u00e9n\u00e9tiques et du mode de vie. Toutefois, il n&rsquo;est pas toujours possible de pr\u00e9venir compl\u00e8tement ce type de tumeur.<\/p>\n<h3>Sympt\u00f4mes des sarcomes de la t\u00eate et du cou<\/h3>\n<p>Les sarcomes de la t\u00eate et du cou pr\u00e9sentent rarement des sympt\u00f4mes \u00e0 un stade pr\u00e9coce. Cependant, \u00e0 mesure qu&rsquo;ils progressent, les sympt\u00f4mes suivants peuvent appara\u00eetre :<\/p>\n<ul>\n<li><strong>Masse douloureuse ou indolore :<\/strong> Une enflure dans la r\u00e9gion de la t\u00eate ou du cou est souvent le premier signe.<\/li>\n<li><strong>Bosse dans le visage, le cuir chevelu ou le cou :<\/strong> Une masse dure qui continue de cro\u00eetre.<\/li>\n<li><strong>Douleur dans la m\u00e2choire ou l&rsquo;oreille :<\/strong> Si la tumeur se propage, une douleur peut appara\u00eetre dans ces zones.<\/li>\n<li><strong>Obstruction ou masse nasale :<\/strong> Une sensation de congestion nasale qui rend la respiration difficile.<\/li>\n<li><strong>\u00c9pistaxis (saignement de nez) :<\/strong> Fr\u00e9quent dans le cas des tumeurs nasales.<\/li>\n<li><strong>Difficult\u00e9 ou douleur \u00e0 avaler :<\/strong> Si la tumeur est proche de l&rsquo;\u0153sophage, cela peut survenir.<\/li>\n<li><strong>Perte de poids :<\/strong> Courante dans les stades avanc\u00e9s de la maladie.<\/li>\n<\/ul>\n<p>Ces sympt\u00f4mes ne sont pas sp\u00e9cifiques aux sarcomes, mais il est important de consulter un professionnel de sant\u00e9 pour un diagnostic pr\u00e9coce.<\/p>\n<h3>Diagnostic des sarcomes de la t\u00eate et du cou<\/h3>\n<p>Le diagnostic des sarcomes suit un processus rigoureux et d\u00e9taill\u00e9 :<\/p>\n<ul>\n<li><strong>Examen physique :<\/strong> Le m\u00e9decin \u00e9value la r\u00e9gion de la t\u00eate et du cou pour d\u00e9tecter des masses ou des anomalies.<\/li>\n<\/ul>\n<p><strong>M\u00e9thodes d&rsquo;imagerie :<\/strong><\/p>\n<ul>\n<li><strong>IRM (imagerie par r\u00e9sonance magn\u00e9tique) et scanner :<\/strong> Ces techniques permettent d&rsquo;examiner en d\u00e9tail la taille, la forme et l&rsquo;extension de la tumeur.<\/li>\n<li><strong>Stadification :<\/strong> L&rsquo;\u00e9valuation du stade de la tumeur est essentielle pour \u00e9laborer un plan de traitement.<\/li>\n<li><strong>Biopsie :<\/strong> Si une masse est d\u00e9tect\u00e9e, un \u00e9chantillon de tissu est pr\u00e9lev\u00e9 et analys\u00e9 pour confirmer le type de sarcome.<\/li>\n<\/ul>\n<h3>Traitement des sarcomes de la t\u00eate et du cou<\/h3>\n<p>Le traitement des sarcomes d\u00e9pend du type, de la taille, de la localisation et de l&rsquo;extension de la tumeur. Une \u00e9quipe multidisciplinaire coordonne g\u00e9n\u00e9ralement le traitement, qui peut inclure :<\/p>\n<ul>\n<li><strong>Chirurgie :<\/strong> La chirurgie est souvent le premier choix de traitement. L&rsquo;objectif est d&rsquo;enlever compl\u00e8tement la tumeur tout en pr\u00e9servant les tissus sains environnants.<\/li>\n<\/ul>\n<p><strong>Radioth\u00e9rapie et chimioth\u00e9rapie :<\/strong><\/p>\n<ul>\n<li>Avant la chirurgie, elles peuvent \u00eatre utilis\u00e9es pour r\u00e9duire la taille de la tumeur.<\/li>\n<li>Apr\u00e8s la chirurgie, elles diminuent le risque de r\u00e9cidive.<\/li>\n<li><strong>Traitements cibl\u00e9s et immunoth\u00e9rapie :<\/strong> Ces approches visent les faiblesses sp\u00e9cifiques des cellules tumorales ou renforcent le syst\u00e8me immunitaire pour combattre le cancer.<\/li>\n<\/ul>\n<p>Le plan de traitement est personnalis\u00e9 en fonction de l&rsquo;\u00e9tat g\u00e9n\u00e9ral du patient, de sa r\u00e9ponse au traitement et de sa qualit\u00e9 de vie.<\/p>\n<h3>Importance d&rsquo;un diagnostic pr\u00e9coce<\/h3>\n<p>Bien que rares, les sarcomes de la t\u00eate et du cou n\u00e9cessitent un diagnostic pr\u00e9coce. Les personnes ayant des ant\u00e9c\u00e9dents g\u00e9n\u00e9tiques ou expos\u00e9es \u00e0 des facteurs de risque doivent effectuer des contr\u00f4les r\u00e9guliers. Une d\u00e9tection pr\u00e9coce permet d&rsquo;utiliser des m\u00e9thodes de traitement moins invasives et d&rsquo;am\u00e9liorer la dur\u00e9e et la qualit\u00e9 de vie du patient.<\/p>\n<p>En conclusion, bien que les sarcomes de la t\u00eate et du cou soient rares, ils n\u00e9cessitent une prise en charge rapide et sp\u00e9cialis\u00e9e. Les patients doivent consulter un professionnel en cas de sympt\u00f4mes inhabituels. Une \u00e9quipe multidisciplinaire (oncologie, h\u00e9matologie, radioth\u00e9rapie) est essentielle pour garantir les meilleurs r\u00e9sultats diagnostiques et th\u00e9rapeutiques.<\/p>\n","protected":false},"excerpt":{"rendered":"<p>Sarcomes de la t\u00eate et du cou : qu&rsquo;est-ce que c&rsquo;est ? Les sarcomes sont des tumeurs rares qui prennent naissance dans les tissus conjonctifs, tels que les graisses, les nerfs, les os, la peau et les muscles. Les sarcomes de la t\u00eate et du cou repr\u00e9sentent environ 1 % des tumeurs malignes de cette [&hellip;]<\/p>\n","protected":false},"author":1,"featured_media":777,"comment_status":"open","ping_status":"open","sticky":false,"template":"","format":"standard","meta":{"footnotes":""},"categories":[12],"tags":[],"class_list":["post-776","post","type-post","status-publish","format-standard","has-post-thumbnail","hentry","category-maladies-de-la-tete-et-du-cou"],"_links":{"self":[{"href":"https:\/\/www.gedizserin.com\/fr\/wp-json\/wp\/v2\/posts\/776","targetHints":{"allow":["GET"]}}],"collection":[{"href":"https:\/\/www.gedizserin.com\/fr\/wp-json\/wp\/v2\/posts"}],"about":[{"href":"https:\/\/www.gedizserin.com\/fr\/wp-json\/wp\/v2\/types\/post"}],"author":[{"embeddable":true,"href":"https:\/\/www.gedizserin.com\/fr\/wp-json\/wp\/v2\/users\/1"}],"replies":[{"embeddable":true,"href":"https:\/\/www.gedizserin.com\/fr\/wp-json\/wp\/v2\/comments?post=776"}],"version-history":[{"count":1,"href":"https:\/\/www.gedizserin.com\/fr\/wp-json\/wp\/v2\/posts\/776\/revisions"}],"predecessor-version":[{"id":778,"href":"https:\/\/www.gedizserin.com\/fr\/wp-json\/wp\/v2\/posts\/776\/revisions\/778"}],"wp:featuredmedia":[{"embeddable":true,"href":"https:\/\/www.gedizserin.com\/fr\/wp-json\/wp\/v2\/media\/777"}],"wp:attachment":[{"href":"https:\/\/www.gedizserin.com\/fr\/wp-json\/wp\/v2\/media?parent=776"}],"wp:term":[{"taxonomy":"category","embeddable":true,"href":"https:\/\/www.gedizserin.com\/fr\/wp-json\/wp\/v2\/categories?post=776"},{"taxonomy":"post_tag","embeddable":true,"href":"https:\/\/www.gedizserin.com\/fr\/wp-json\/wp\/v2\/tags?post=776"}],"curies":[{"name":"wp","href":"https:\/\/api.w.org\/{rel}","templated":true}]}}