{"id":1287,"date":"2025-11-28T11:49:26","date_gmt":"2025-11-28T08:49:26","guid":{"rendered":"https:\/\/www.gedizserin.com\/fr\/?p=1287"},"modified":"2025-11-28T11:49:26","modified_gmt":"2025-11-28T08:49:26","slug":"douleur-a-loreille-otalgie-unilaterale-ou-bilaterale","status":"publish","type":"post","link":"https:\/\/www.gedizserin.com\/fr\/douleur-a-loreille-otalgie-unilaterale-ou-bilaterale\/","title":{"rendered":"Douleur \u00e0 l&rsquo;Oreille (Otalgie) : Unilat\u00e9rale ou Bilat\u00e9rale ?"},"content":{"rendered":"<p><strong>Prof. Dr. Gediz Murat Serin \u2013 Sp\u00e9cialiste ORL | Groupe ORL Te\u015fvikiye<\/strong><\/p>\n<p>La douleur \u00e0 l&rsquo;oreille est l&rsquo;une des plaintes ORL les plus fr\u00e9quentes dans la population. Cependant, la source de chaque douleur auriculaire n&rsquo;est pas directement l&rsquo;oreille elle-m\u00eame. Certains probl\u00e8mes dans la r\u00e9gion du cou, de la m\u00e2choire ou de la gorge peuvent \u00eatre ressentis dans l&rsquo;oreille sous forme de \u00ab\u00a0douleur r\u00e9f\u00e9r\u00e9e\u00a0\u00bb. Par cons\u00e9quent, les caract\u00e9ristiques de la douleur et les signes associ\u00e9s doivent \u00eatre soigneusement \u00e9valu\u00e9s pour pouvoir \u00e9tablir un diagnostic correct.<\/p>\n<h2>1. La Douleur est-elle Unilat\u00e9rale ou Bilat\u00e9rale ?<\/h2>\n<ul>\n<li><strong>Douleur unilat\u00e9rale :<\/strong> Provient principalement d&rsquo;infections telles que l&rsquo;inflammation du conduit auditif externe (otite externe) ou l&rsquo;inflammation de l&rsquo;oreille moyenne (otite moyenne).<\/li>\n<li><strong>Douleur bilat\u00e9rale :<\/strong> Peut se d\u00e9velopper en raison de causes syst\u00e9miques ou environnementales telles que les allergies, la sinusite, les changements de pression (barotraumatisme).<\/li>\n<\/ul>\n<h2>2. Est-elle Continue ou Intermittente ?<\/h2>\n<ul>\n<li><strong>Douleur continue :<\/strong> G\u00e9n\u00e9ralement d&rsquo;origine infectieuse ou inflammatoire.<\/li>\n<li><strong>Douleur intermittente :<\/strong> Sugg\u00e8re des troubles de l&rsquo;articulation temporo-mandibulaire (ATM), des douleurs d&rsquo;origine dentaire ou des causes neurologiques (n\u00e9vralgiques).<\/li>\n<\/ul>\n<h2>3. Signes Accompagnant la Douleur<\/h2>\n<ul>\n<li><strong>\u00c9coulement, douleur augmentant au toucher du pavillon ou du tragus<\/strong> \u2192 Infection du conduit auditif externe (otite externe).<\/li>\n<li><strong>Sensation de pression, perte auditive, fi\u00e8vre et agitation chez les enfants<\/strong> \u2192 Inflammation de l&rsquo;oreille moyenne (otite moyenne).<\/li>\n<li><strong>Douleur apr\u00e8s la natation ou la plong\u00e9e<\/strong> \u2192 Irritation ou infection li\u00e9e \u00e0 l&rsquo;eau.<\/li>\n<\/ul>\n<h2>4. A-t-elle Commenc\u00e9 Apr\u00e8s une Infection des Voies Respiratoires Sup\u00e9rieures ?<\/h2>\n<p>Si une sensation de blocage et de douleur dans l&rsquo;oreille est ressentie apr\u00e8s un rhume, une grippe ou une sinusite, une <strong>dysfonction de la trompe d&rsquo;Eustache<\/strong> ou une <strong>inflammation secondaire de l&rsquo;oreille moyenne<\/strong> peut s&rsquo;\u00eatre d\u00e9velopp\u00e9e. Dans ce cas, non seulement l&rsquo;oreille, mais aussi le nez et les sinus doivent \u00eatre \u00e9valu\u00e9s.<\/p>\n<h2>5. S&rsquo;il n&rsquo;y a Pas de Probl\u00e8me Visible dans l&rsquo;Oreille : Douleur R\u00e9f\u00e9r\u00e9e<\/h2>\n<p>M\u00eame si l&rsquo;examen de l&rsquo;oreille est normal, la source de la douleur peut provenir d&rsquo;autres structures.<br \/>\nLes causes fr\u00e9quentes de douleur r\u00e9f\u00e9r\u00e9e sont les suivantes :<\/p>\n<ul>\n<li>Caries dentaires ou probl\u00e8mes de gencives<\/li>\n<li>Troubles de l&rsquo;articulation temporo-mandibulaire (ATM)<\/li>\n<li>Tensions musculaires et articulaires du cou (syndrome cervico-facial)<\/li>\n<li>Douleurs d&rsquo;origine nerveuse (n\u00e9vralgies) :\n<ul>\n<li>Nerf trijumeau (branche auriculo-temporale)<\/li>\n<li>Nerf vague (n\u00e9vralgie d&rsquo;Arnold)<\/li>\n<li>Nerf glossopharyngien (branche de Jacobson)<\/li>\n<\/ul>\n<\/li>\n<li>Inflammations des amygdales ou p\u00e9riode post-amygdalectomie<\/li>\n<li>Tumeurs du cou, de la base de la langue ou de la r\u00e9gion pharyng\u00e9e (en particulier chez les personnes de plus de 40 ans ayant des ant\u00e9c\u00e9dents de tabagisme ou d&rsquo;alcool, une \u00e9valuation endoscopique d\u00e9taill\u00e9e est n\u00e9cessaire)<\/li>\n<li><strong>Syndrome d&rsquo;Eagle :<\/strong> Douleur profonde irradiant vers la gorge et l&rsquo;oreille due \u00e0 une apophyse stylo\u00efde allong\u00e9e.<\/li>\n<\/ul>\n<h2>Qu&rsquo;est-ce que le Syndrome d&rsquo;Eagle ?<\/h2>\n<p>Le syndrome d&rsquo;Eagle est une condition rare mais remarquable qui se produit lorsque l&rsquo;os fin appel\u00e9 <strong>apophyse stylo\u00efde<\/strong> situ\u00e9 dans la r\u00e9gion du cou et de la gorge est plus long que la normale ou lorsque le tissu conjonctif environnant devient calcifi\u00e9.<br \/>\nCe changement anatomique ;<\/p>\n<ul>\n<li>Sensation de piq\u00fbre lors de la d\u00e9glutition,<\/li>\n<li>Sensation de corps \u00e9tranger dans la gorge,<\/li>\n<li>Peut se manifester par des plaintes telles qu&rsquo;une douleur irradiant vers l&rsquo;oreille, sous la m\u00e2choire ou vers la t\u00eate.<br \/>\nDans certains cas, en raison de sa proximit\u00e9 avec l&rsquo;art\u00e8re carotide, la douleur peut \u00e9galement irradier vers un c\u00f4t\u00e9 de la t\u00eate, l&rsquo;\u0153il ou le visage. Le diagnostic est g\u00e9n\u00e9ralement pos\u00e9 fortuitement lors de la recherche d&rsquo;une douleur faciale\/pharyng\u00e9e prolong\u00e9e et inexpliqu\u00e9e.<br \/>\nChez les patients pr\u00e9sentant des plaintes significatives, <strong>le raccourcissement chirurgical de l&rsquo;apophyse stylo\u00efde<\/strong> procure un soulagement durable.<\/li>\n<\/ul>\n<h2>Quand Consulter un M\u00e9decin ?<\/h2>\n<ul>\n<li>Si la douleur \u00e0 l&rsquo;oreille <strong>dure plus de 2 jours<\/strong><\/li>\n<li>Si elle s&rsquo;accompagne de <strong>fi\u00e8vre, d&rsquo;\u00e9coulement ou de perte auditive<\/strong><\/li>\n<li>Si la douleur <strong>augmente avec la d\u00e9glutition, la mastication ou les mouvements de la t\u00eate<\/strong><\/li>\n<li>Si la <strong>douleur unilat\u00e9rale et persistante<\/strong> survient chez une personne de plus de 40 ans, un examen ORL d\u00e9taill\u00e9 est absolument n\u00e9cessaire.<\/li>\n<\/ul>\n<p>&nbsp;<\/p>\n","protected":false},"excerpt":{"rendered":"<p>Prof. Dr. Gediz Murat Serin \u2013 Sp\u00e9cialiste ORL | Groupe ORL Te\u015fvikiye La douleur \u00e0 l&rsquo;oreille est l&rsquo;une des plaintes ORL les plus fr\u00e9quentes dans la population. Cependant, la source de chaque douleur auriculaire n&rsquo;est pas directement l&rsquo;oreille elle-m\u00eame. Certains probl\u00e8mes dans la r\u00e9gion du cou, de la m\u00e2choire ou de la gorge peuvent \u00eatre [&hellip;]<\/p>\n","protected":false},"author":1,"featured_media":1288,"comment_status":"open","ping_status":"open","sticky":false,"template":"","format":"standard","meta":{"footnotes":""},"categories":[2],"tags":[],"class_list":["post-1287","post","type-post","status-publish","format-standard","has-post-thumbnail","hentry","category-blog"],"_links":{"self":[{"href":"https:\/\/www.gedizserin.com\/fr\/wp-json\/wp\/v2\/posts\/1287","targetHints":{"allow":["GET"]}}],"collection":[{"href":"https:\/\/www.gedizserin.com\/fr\/wp-json\/wp\/v2\/posts"}],"about":[{"href":"https:\/\/www.gedizserin.com\/fr\/wp-json\/wp\/v2\/types\/post"}],"author":[{"embeddable":true,"href":"https:\/\/www.gedizserin.com\/fr\/wp-json\/wp\/v2\/users\/1"}],"replies":[{"embeddable":true,"href":"https:\/\/www.gedizserin.com\/fr\/wp-json\/wp\/v2\/comments?post=1287"}],"version-history":[{"count":1,"href":"https:\/\/www.gedizserin.com\/fr\/wp-json\/wp\/v2\/posts\/1287\/revisions"}],"predecessor-version":[{"id":1289,"href":"https:\/\/www.gedizserin.com\/fr\/wp-json\/wp\/v2\/posts\/1287\/revisions\/1289"}],"wp:featuredmedia":[{"embeddable":true,"href":"https:\/\/www.gedizserin.com\/fr\/wp-json\/wp\/v2\/media\/1288"}],"wp:attachment":[{"href":"https:\/\/www.gedizserin.com\/fr\/wp-json\/wp\/v2\/media?parent=1287"}],"wp:term":[{"taxonomy":"category","embeddable":true,"href":"https:\/\/www.gedizserin.com\/fr\/wp-json\/wp\/v2\/categories?post=1287"},{"taxonomy":"post_tag","embeddable":true,"href":"https:\/\/www.gedizserin.com\/fr\/wp-json\/wp\/v2\/tags?post=1287"}],"curies":[{"name":"wp","href":"https:\/\/api.w.org\/{rel}","templated":true}]}}