{"id":1117,"date":"2025-05-28T18:02:34","date_gmt":"2025-05-28T15:02:34","guid":{"rendered":"https:\/\/www.gedizserin.com\/fr\/?p=1117"},"modified":"2025-05-28T18:02:52","modified_gmt":"2025-05-28T15:02:52","slug":"les-narines-apres-une-rhinoplastie","status":"publish","type":"post","link":"https:\/\/www.gedizserin.com\/fr\/les-narines-apres-une-rhinoplastie\/","title":{"rendered":"Les narines apr\u00e8s une rhinoplastie"},"content":{"rendered":"<h2><strong>Les narines apr\u00e8s une rhinoplastie : L&rsquo;asym\u00e9trie est-elle normale ? Quand faut-il s&rsquo;inqui\u00e9ter ?<\/strong><\/h2>\n<p><strong>Par : Prof. Dr. Gediz Murat Serin<\/strong><\/p>\n<p>Je suis le Professeur Dr. Gediz Murat Serin. Depuis 2006, j\u2019ai r\u00e9alis\u00e9 la grande majorit\u00e9 des interventions de rhinoplastie et de rhinoplastie secondaire dans ma clinique. Au fil du temps, j\u2019ai observ\u00e9 une tendance : alors que les patients se concentraient auparavant principalement sur la forme g\u00e9n\u00e9rale du nez de face ou de profil, <strong>l\u2019apparence des narines<\/strong> est d\u00e9sormais devenue un crit\u00e8re esth\u00e9tique de plus en plus important.<\/p>\n<p>Les photos haute r\u00e9solution et les selfies partag\u00e9s sur les r\u00e9seaux sociaux ont modifi\u00e9 cette perception. Aujourd\u2019hui, m\u00eame les plus petites diff\u00e9rences au niveau des narines sont plus visibles.<\/p>\n<p>En tant que chirurgiens, <strong>nous faisons de notre mieux pour rendre les narines aussi sym\u00e9triques et naturelles que possible<\/strong>. Cependant, comme nous le rappelons toujours, <strong>une sym\u00e9trie parfaite ne peut jamais \u00eatre garantie \u00e0 100 % en raison de l\u2019anatomie humaine<\/strong>. Notre objectif est de fournir un aspect naturel, fonctionnel et harmonieux avec le visage.<\/p>\n<p>Dans cet article, j\u2019explique les raisons des diff\u00e9rences de forme des narines apr\u00e8s une rhinoplastie, le processus de gu\u00e9rison et les situations n\u00e9cessitant une attention particuli\u00e8re.<\/p>\n<h2><strong>Pourquoi la rhinoplastie affecte-t-elle les narines ?<\/strong><\/h2>\n<p>Les narines sont form\u00e9es par les <strong>ailes nasales (structures alaires)<\/strong> qui entourent la pointe du nez. Les interventions r\u00e9alis\u00e9es lors d&rsquo;une rhinoplastie \u2014 en particulier le <strong>r\u00e9tr\u00e9cissement de la pointe nasale<\/strong>, la <strong>r\u00e9section de la base alaire<\/strong>, l\u2019<strong>ajout de soutien cartilagineux<\/strong> ou les <strong>corrections du septum<\/strong> \u2014 affectent directement ces structures.<\/p>\n<p>M\u00eame une intervention chirurgicale minime dans cette zone peut entra\u00eener des diff\u00e9rences significatives tant sur le plan esth\u00e9tique que fonctionnel. C\u2019est pourquoi les narines sont trait\u00e9es avec une attention particuli\u00e8re lors de la planification chirurgicale.<\/p>\n<p>Une id\u00e9e re\u00e7ue fr\u00e9quente dans la soci\u00e9t\u00e9 est que la rhinoplastie consiste \u00e0 modeler le nez de l\u2019ext\u00e9rieur comme une sculpture, comme si l\u2019on fa\u00e7onnait de l\u2019argile. En r\u00e9alit\u00e9, c\u2019est un processus bien plus technique.<\/p>\n<p>La rhinoplastie n\u2019est pas une proc\u00e9dure superficielle, mais une <strong>reconstruction planifi\u00e9e des structures internes \u2014 os, cartilage et tissus mous<\/strong>. Au cours de l\u2019op\u00e9ration, les cartilages sont remodel\u00e9s, certaines structures sont retir\u00e9es, et de nouvelles lignes de soutien sont cr\u00e9\u00e9es avec des sutures. Chaque incision et chaque point de suture a une <strong>ligne de tension<\/strong> sp\u00e9cifique. Les greffons cartilagineux que nous pla\u00e7ons peuvent changer de forme avec le temps selon la r\u00e9action de l\u2019organisme, voire se r\u00e9sorber partiellement dans de rares cas. De m\u00eame, les r\u00e9actions tissulaires pendant la gu\u00e9rison peuvent <strong>entra\u00eener de petites asym\u00e9tries<\/strong>.<\/p>\n<p>Nous ne sculptons donc pas une \u0153uvre d\u2019art ; <strong>nous construisons une structure fonctionnelle, biologique et dynamique<\/strong>. Ce n\u2019est pas seulement l\u2019intervention chirurgicale, mais aussi la r\u00e9ponse naturelle du corps qui d\u00e9termine le r\u00e9sultat final.<\/p>\n<h3><strong>L\u2019asym\u00e9trie est normale dans les premi\u00e8res semaines apr\u00e8s l\u2019op\u00e9ration<\/strong><\/h3>\n<p>Pendant la phase de gu\u00e9rison, l\u2019asym\u00e9trie observ\u00e9e au niveau des narines est souvent <strong>temporaire<\/strong> et <strong>attendue<\/strong>. Les principales raisons de ces diff\u00e9rences pr\u00e9coces sont :<\/p>\n<ul>\n<li><strong>\u0152d\u00e8me asym\u00e9trique :<\/strong> les deux c\u00f4t\u00e9s du nez ne gu\u00e9rissent pas de mani\u00e8re identique, ce qui peut temporairement modifier l\u2019apparence des narines.<\/li>\n<li><strong>Tension au niveau des sutures :<\/strong> apr\u00e8s une chirurgie de la base alaire, les diff\u00e9rentes tensions au niveau des points peuvent entra\u00eener des asym\u00e9tries passag\u00e8res.<\/li>\n<li><strong>Effet des tampons et attelles :<\/strong> les mat\u00e9riaux de soutien plac\u00e9s \u00e0 l\u2019int\u00e9rieur peuvent influencer l\u2019angle d\u2019ouverture des narines.<\/li>\n<\/ul>\n<p>Le nez met g\u00e9n\u00e9ralement <strong>6 \u00e0 12 mois<\/strong> pour atteindre sa forme d\u00e9finitive. Il faut faire preuve de patience et ne pas tirer de conclusions h\u00e2tives sur les diff\u00e9rences pr\u00e9coces.<\/p>\n<h3><strong>Causes d\u2019une asym\u00e9trie nasale persistante et marqu\u00e9e<\/strong><\/h3>\n<p>Si une diff\u00e9rence \u00e9vidente des narines persiste apr\u00e8s la gu\u00e9rison, plusieurs causes structurelles peuvent en \u00eatre responsables :<\/p>\n<ul>\n<li><strong>Asym\u00e9trie naturelle du visage :<\/strong> aucun visage n\u2019est parfaitement sym\u00e9trique, les narines peuvent donc diff\u00e9rer l\u00e9g\u00e8rement.<\/li>\n<li><strong>Manque de soutien alaire :<\/strong> un cartilage trop faible peut entra\u00eener un affaissement ou une d\u00e9formation du bord nasal.<\/li>\n<li><strong>Excision excessive de tissu :<\/strong> les gestes esth\u00e9tiques peuvent parfois produire des effets inverses \u00e0 ceux escompt\u00e9s.<\/li>\n<li><strong>Tissu cicatriciel (fibrose) :<\/strong> des cicatrices post-op\u00e9ratoires peuvent provoquer des r\u00e9tractions au niveau des ailes nasales.<\/li>\n<li><strong>D\u00e9viation du septum :<\/strong> une d\u00e9viation de la cloison nasale peut affecter la position et l\u2019ouverture des narines.<\/li>\n<\/ul>\n<h3><strong>Perception esth\u00e9tique et impact psychologique<\/strong><\/h3>\n<p>Apr\u00e8s une rhinoplastie, les patients pr\u00eatent attention aux moindres d\u00e9tails du nez, surtout sur les images haute d\u00e9finition ou en gros plan. Cela peut parfois conduire \u00e0 une <strong>image corporelle n\u00e9gative<\/strong> ou \u00e0 des <strong>inqui\u00e9tudes inutiles<\/strong>.<\/p>\n<p>Il convient de rappeler que <strong>nous faisons preuve de la plus grande rigueur pour \u00e9galiser les narines autant que possible<\/strong>, mais <strong>en raison de l\u2019asym\u00e9trie structurelle naturelle du visage humain<\/strong>, <strong>une sym\u00e9trie parfaite ne peut jamais \u00eatre garantie<\/strong>. Ce qui importe, c\u2019est que le nez soit en <strong>harmonie esth\u00e9tique, fonctionnelle et naturelle<\/strong> avec le visage.<\/p>\n<h3><strong>Quand consulter votre chirurgien ?<\/strong><\/h3>\n<p>Il est recommand\u00e9 de consulter un sp\u00e9cialiste si vous observez l\u2019un des \u00e9l\u00e9ments suivants :<\/p>\n<ul>\n<li>Un effondrement ou une asym\u00e9trie marqu\u00e9e persiste au-del\u00e0 du 6e mois<\/li>\n<li>L\u2019air ne passe pas correctement par une narine<\/li>\n<li>Une aile nasale semble affaiss\u00e9e ou faible<\/li>\n<li>Une narine para\u00eet nettement plus large ou plus \u00e9troite que l\u2019autre<\/li>\n<\/ul>\n<p>Ces situations peuvent \u00eatre corrig\u00e9es si n\u00e9cessaire par une <strong>rhinoplastie de r\u00e9vision<\/strong>.<\/p>\n<h3><strong>Suivi, patience et \u00e9valuation experte<\/strong><\/h3>\n<p>Le processus de gu\u00e9rison varie selon chaque individu. Le type de peau, l\u2019\u00e2ge, l\u2019ampleur de la chirurgie et les ant\u00e9c\u00e9dents d\u2019interventions influencent le r\u00e9sultat. Ainsi :<\/p>\n<ul>\n<li>Les diff\u00e9rences observ\u00e9es dans les <strong>3 \u00e0 6 premiers mois<\/strong> sont g\u00e9n\u00e9ralement temporaires.<\/li>\n<li>La forme finale du nez se stabilise dans un d\u00e9lai d\u2019<strong>environ un an<\/strong>.<\/li>\n<li>Ce processus doit \u00eatre suivi par un professionnel afin d\u2019\u00e9viter des interventions inutiles.<\/li>\n<\/ul>\n<h3><strong>Conclusion : la rhinoplastie et les narines doivent \u00eatre consid\u00e9r\u00e9es comme un tout<\/strong><\/h3>\n<p>La sym\u00e9trie des narines apr\u00e8s une rhinoplastie est importante \u00e0 la fois pour le succ\u00e8s esth\u00e9tique et fonctionnel. Cependant, <strong>les limites anatomiques et les variations individuelles<\/strong> doivent \u00eatre prises en compte dans l\u2019\u00e9valuation.<\/p>\n<p>Lors du modelage des narines, les chirurgiens visent \u00e0 garantir \u00e0 la fois l\u2019harmonie esth\u00e9tique et un passage respiratoire sain. Avoir des attentes r\u00e9alistes et faire preuve de patience dans le processus de gu\u00e9rison sont essentiels pour la satisfaction du patient.<\/p>\n","protected":false},"excerpt":{"rendered":"<p>Les narines apr\u00e8s une rhinoplastie : L&rsquo;asym\u00e9trie est-elle normale ? Quand faut-il s&rsquo;inqui\u00e9ter ? Par : Prof. Dr. Gediz Murat Serin Je suis le Professeur Dr. Gediz Murat Serin. Depuis 2006, j\u2019ai r\u00e9alis\u00e9 la grande majorit\u00e9 des interventions de rhinoplastie et de rhinoplastie secondaire dans ma clinique. Au fil du temps, j\u2019ai observ\u00e9 une tendance [&hellip;]<\/p>\n","protected":false},"author":1,"featured_media":1120,"comment_status":"open","ping_status":"open","sticky":false,"template":"","format":"standard","meta":{"footnotes":""},"categories":[2],"tags":[],"class_list":["post-1117","post","type-post","status-publish","format-standard","has-post-thumbnail","hentry","category-blog"],"_links":{"self":[{"href":"https:\/\/www.gedizserin.com\/fr\/wp-json\/wp\/v2\/posts\/1117","targetHints":{"allow":["GET"]}}],"collection":[{"href":"https:\/\/www.gedizserin.com\/fr\/wp-json\/wp\/v2\/posts"}],"about":[{"href":"https:\/\/www.gedizserin.com\/fr\/wp-json\/wp\/v2\/types\/post"}],"author":[{"embeddable":true,"href":"https:\/\/www.gedizserin.com\/fr\/wp-json\/wp\/v2\/users\/1"}],"replies":[{"embeddable":true,"href":"https:\/\/www.gedizserin.com\/fr\/wp-json\/wp\/v2\/comments?post=1117"}],"version-history":[{"count":1,"href":"https:\/\/www.gedizserin.com\/fr\/wp-json\/wp\/v2\/posts\/1117\/revisions"}],"predecessor-version":[{"id":1119,"href":"https:\/\/www.gedizserin.com\/fr\/wp-json\/wp\/v2\/posts\/1117\/revisions\/1119"}],"wp:featuredmedia":[{"embeddable":true,"href":"https:\/\/www.gedizserin.com\/fr\/wp-json\/wp\/v2\/media\/1120"}],"wp:attachment":[{"href":"https:\/\/www.gedizserin.com\/fr\/wp-json\/wp\/v2\/media?parent=1117"}],"wp:term":[{"taxonomy":"category","embeddable":true,"href":"https:\/\/www.gedizserin.com\/fr\/wp-json\/wp\/v2\/categories?post=1117"},{"taxonomy":"post_tag","embeddable":true,"href":"https:\/\/www.gedizserin.com\/fr\/wp-json\/wp\/v2\/tags?post=1117"}],"curies":[{"name":"wp","href":"https:\/\/api.w.org\/{rel}","templated":true}]}}