{"id":1108,"date":"2025-05-26T13:47:36","date_gmt":"2025-05-26T10:47:36","guid":{"rendered":"https:\/\/www.gedizserin.com\/fr\/?p=1108"},"modified":"2025-05-26T13:47:36","modified_gmt":"2025-05-26T10:47:36","slug":"narines-apres-rhinoplastie-lasymetrie-est-elle-normale-quand-sinquieter","status":"publish","type":"post","link":"https:\/\/www.gedizserin.com\/fr\/narines-apres-rhinoplastie-lasymetrie-est-elle-normale-quand-sinquieter\/","title":{"rendered":"Narines apr\u00e8s rhinoplastie : l\u2019asym\u00e9trie est-elle normale ? Quand s&rsquo;inqui\u00e9ter"},"content":{"rendered":"<h3><strong>Prof. Dr. Gediz Murat Serin<\/strong><\/h3>\n<p>Je suis le Prof. Dr. Gediz Murat Serin. Depuis 2006, j&rsquo;ai r\u00e9alis\u00e9 la grande majorit\u00e9 des interventions de rhinoplastie et de rhinoplastie secondaire dans ma clinique. Au fil du temps, j\u2019ai observ\u00e9 une tendance croissante : alors que les patients se concentraient g\u00e9n\u00e9ralement sur la vue de profil ou de face du nez apr\u00e8s l\u2019op\u00e9ration, l\u2019<strong>apparence des narines<\/strong> est d\u00e9sormais devenue un crit\u00e8re esth\u00e9tique important.<\/p>\n<p>Les photos haute r\u00e9solution et les selfies sur les r\u00e9seaux sociaux ont particuli\u00e8rement contribu\u00e9 \u00e0 cette perception. M\u00eame les petites diff\u00e9rences au niveau des narines deviennent plus visibles.<\/p>\n<p>En tant que chirurgien, <strong>nous faisons de notre mieux pour que les narines soient aussi sym\u00e9triques et naturelles que possible<\/strong>. Mais comme nous le soulignons toujours, <strong>la sym\u00e9trie parfaite ne peut jamais \u00eatre garantie \u00e0 100 %, car l\u2019anatomie humaine est naturellement asym\u00e9trique<\/strong>. Notre objectif est d\u2019obtenir un aspect naturel, fonctionnel et harmonieux avec le visage.<\/p>\n<p>Dans cet article, j&rsquo;explique les causes des diff\u00e9rences de forme des narines apr\u00e8s une rhinoplastie, le processus de gu\u00e9rison et les points \u00e0 surveiller.<\/p>\n<h2><strong>Pourquoi la rhinoplastie affecte-t-elle les narines ?<\/strong><\/h2>\n<p>Les narines sont fa\u00e7onn\u00e9es par les <strong>ailes du nez (structures alaires)<\/strong> qui entourent l&rsquo;extr\u00e9mit\u00e9 du nez. Les interventions r\u00e9alis\u00e9es lors d\u2019une rhinoplastie \u2014 notamment <strong>le r\u00e9tr\u00e9cissement de la pointe nasale<\/strong>, <strong>la r\u00e9section de la base alaire<\/strong>, <strong>l\u2019ajout de soutien cartilagineux<\/strong> ou <strong>la correction du septum<\/strong> \u2014 affectent directement ces structures.<\/p>\n<p>M\u00eame une intervention minime dans cette zone peut entra\u00eener des diff\u00e9rences significatives, tant esth\u00e9tiques que fonctionnelles. C\u2019est pourquoi les narines n\u00e9cessitent une attention particuli\u00e8re dans la planification chirurgicale.<\/p>\n<p>Il existe une id\u00e9e fausse r\u00e9pandue concernant la rhinoplastie : de nombreux patients pensent que le nez est sculpt\u00e9 de l\u2019ext\u00e9rieur comme une p\u00e2te modelable pour obtenir la forme souhait\u00e9e. En r\u00e9alit\u00e9, le processus est bien plus technique et complexe.<\/p>\n<p>La rhinoplastie n\u2019est pas une simple proc\u00e9dure esth\u00e9tique superficielle, c\u2019est une <strong>reconstruction planifi\u00e9e des structures internes du nez \u2013 os, cartilage et tissus mous<\/strong>. Pendant l\u2019op\u00e9ration, les cartilages sont remodel\u00e9s, certaines structures sont incis\u00e9es et de nouvelles lignes de soutien sont cr\u00e9\u00e9es par des sutures. Chaque incision et chaque suture suivent une <strong>ligne de tension sp\u00e9cifique<\/strong>. Les greffons cartilagineux que nous utilisons peuvent \u00e9voluer avec le temps selon la r\u00e9action du corps et, bien que rarement, se r\u00e9sorber partiellement. De m\u00eame, les tissus peuvent r\u00e9agir diff\u00e9remment au cours de la gu\u00e9rison et <strong>entra\u00eener de petites asym\u00e9tries<\/strong>.<\/p>\n<p>Autrement dit, nous ne sculptons pas une statue ; <strong>nous construisons une structure fonctionnelle, biologique et dynamique<\/strong>. L\u2019\u00e9volution de cette structure au fil du temps d\u00e9pend non seulement de l\u2019intervention chirurgicale mais aussi des r\u00e9actions naturelles du corps.<\/p>\n<h3><strong>Une asym\u00e9trie dans les premi\u00e8res semaines postop\u00e9ratoires est normale<\/strong><\/h3>\n<p>L\u2019asym\u00e9trie observ\u00e9e dans les narines pendant la phase de cicatrisation est g\u00e9n\u00e9ralement <strong>temporaire<\/strong> et <strong>pr\u00e9visible<\/strong>. Voici les principales raisons des diff\u00e9rences visibles au d\u00e9but :<\/p>\n<ul>\n<li><strong>\u0152d\u00e8me asym\u00e9trique :<\/strong> les deux c\u00f4t\u00e9s du nez ne gu\u00e9rissent pas de mani\u00e8re identique. Cela peut donner temporairement une apparence diff\u00e9rente aux narines.<\/li>\n<li><strong>Tension des sutures :<\/strong> apr\u00e8s une intervention sur la base alaire, des tensions variables au niveau des sutures peuvent entra\u00eener des asym\u00e9tries passag\u00e8res.<\/li>\n<li><strong>Effet des attelles et des supports :<\/strong> les mat\u00e9riaux de soutien internes peuvent affecter l\u2019angle des narines.<\/li>\n<\/ul>\n<p>Le nez met entre <strong>6 et 12 mois<\/strong> \u00e0 prendre sa forme d\u00e9finitive. Il est important d\u2019\u00eatre patient et de ne pas consid\u00e9rer les diff\u00e9rences pr\u00e9coces comme permanentes.<\/p>\n<h3><strong>Causes d\u2019une asym\u00e9trie durable et visible des narines<\/strong><\/h3>\n<p>Si des diff\u00e9rences marqu\u00e9es persistent apr\u00e8s la gu\u00e9rison, plusieurs causes structurelles peuvent en \u00eatre \u00e0 l\u2019origine :<\/p>\n<ul>\n<li><strong>Asym\u00e9trie naturelle du visage :<\/strong> aucun visage n\u2019est parfaitement sym\u00e9trique, et donc les narines non plus.<\/li>\n<li><strong>Manque de soutien alaire :<\/strong> un cartilage affaibli dans l\u2019aile du nez peut provoquer un affaissement ou une d\u00e9formation.<\/li>\n<li><strong>Excision excessive de tissu :<\/strong> retirer trop de tissu dans un but esth\u00e9tique peut parfois produire l\u2019effet inverse.<\/li>\n<li><strong>Tissu cicatriciel :<\/strong> la formation de cicatrices peut tirer les ailes du nez et modifier leur forme.<\/li>\n<li><strong>D\u00e9viation septale :<\/strong> une courbure du septum nasal peut affecter la position et l\u2019ouverture des narines.<\/li>\n<\/ul>\n<h3><strong>Perception esth\u00e9tique et impact psychologique<\/strong><\/h3>\n<p>Apr\u00e8s une rhinoplastie, les patients pr\u00eatent une grande attention aux moindres d\u00e9tails de leur nez, surtout dans les images haute r\u00e9solution ou en gros plan. Cela peut parfois entra\u00eener une <strong>image corporelle n\u00e9gative<\/strong> ou des <strong>inqui\u00e9tudes excessives<\/strong>.<\/p>\n<p>\ud83d\udd39 \u00c0 ce stade, il est essentiel de rappeler que <strong>nous travaillons avec pr\u00e9cision pour rendre les narines aussi sym\u00e9triques que possible<\/strong>, mais en raison de <strong>l\u2019asym\u00e9trie naturelle du visage humain<\/strong>, <strong>une sym\u00e9trie parfaite ne peut \u00eatre garantie<\/strong>. Ce qui compte, c\u2019est que le nez soit en <strong>harmonie naturelle, esth\u00e9tique et fonctionnelle<\/strong> avec le reste du visage.<\/p>\n<h2><strong>Quand consulter votre chirurgien ?<\/strong><\/h2>\n<p>Il est recommand\u00e9 de prendre rendez-vous pour une \u00e9valuation si vous observez les signes suivants :<\/p>\n<ul>\n<li>Des asym\u00e9tries ou affaissements persistants apr\u00e8s le 6<sup>e<\/sup> mois<\/li>\n<li>Une obstruction notable de l\u2019air dans une narine<\/li>\n<li>Un affaissement ou un affaiblissement visible de l\u2019aile du nez<\/li>\n<li>Une narine visiblement plus large ou plus \u00e9troite que l\u2019autre<\/li>\n<\/ul>\n<p>Ces probl\u00e8mes peuvent \u00eatre corrig\u00e9s si n\u00e9cessaire par une <strong>rhinoplastie secondaire<\/strong>.<\/p>\n<h3><strong>Suivi, patience et \u00e9valuation par un expert<\/strong><\/h3>\n<p>Chaque personne gu\u00e9rit \u00e0 son propre rythme. Le type de peau, l\u2019\u00e2ge, l\u2019ampleur de l\u2019intervention et les op\u00e9rations ant\u00e9rieures influencent les r\u00e9sultats. Ainsi :<\/p>\n<ul>\n<li>Les diff\u00e9rences observ\u00e9es dans les <strong>3 \u00e0 6 premiers mois<\/strong> sont g\u00e9n\u00e9ralement temporaires.<\/li>\n<li>La forme d\u00e9finitive du nez se stabilise en <strong>1 an<\/strong>.<\/li>\n<li>Le processus doit \u00eatre suivi par un sp\u00e9cialiste afin d\u2019\u00e9viter des interventions inutiles.<\/li>\n<\/ul>\n<h2><strong>Conclusion : La rhinoplastie et les narines doivent \u00eatre \u00e9valu\u00e9es dans leur ensemble<\/strong><\/h2>\n<p>La sym\u00e9trie des narines apr\u00e8s une rhinoplastie est importante tant pour le succ\u00e8s esth\u00e9tique que fonctionnel. Cependant, l\u2019\u00e9valuation doit tenir compte des <strong>limites anatomiques et des particularit\u00e9s individuelles<\/strong>.<\/p>\n<p>En remodelant les narines, notre objectif en tant que chirurgiens est d\u2019assurer \u00e0 la fois une harmonie esth\u00e9tique et une bonne respiration. Avoir des attentes r\u00e9alistes et faire preuve de patience durant la p\u00e9riode de gu\u00e9rison est essentiel pour la satisfaction du patient.<\/p>\n","protected":false},"excerpt":{"rendered":"<p>Prof. Dr. Gediz Murat Serin Je suis le Prof. Dr. Gediz Murat Serin. Depuis 2006, j&rsquo;ai r\u00e9alis\u00e9 la grande majorit\u00e9 des interventions de rhinoplastie et de rhinoplastie secondaire dans ma clinique. Au fil du temps, j\u2019ai observ\u00e9 une tendance croissante : alors que les patients se concentraient g\u00e9n\u00e9ralement sur la vue de profil ou de [&hellip;]<\/p>\n","protected":false},"author":1,"featured_media":1109,"comment_status":"open","ping_status":"open","sticky":false,"template":"","format":"standard","meta":{"footnotes":""},"categories":[2],"tags":[],"class_list":["post-1108","post","type-post","status-publish","format-standard","has-post-thumbnail","hentry","category-blog"],"_links":{"self":[{"href":"https:\/\/www.gedizserin.com\/fr\/wp-json\/wp\/v2\/posts\/1108","targetHints":{"allow":["GET"]}}],"collection":[{"href":"https:\/\/www.gedizserin.com\/fr\/wp-json\/wp\/v2\/posts"}],"about":[{"href":"https:\/\/www.gedizserin.com\/fr\/wp-json\/wp\/v2\/types\/post"}],"author":[{"embeddable":true,"href":"https:\/\/www.gedizserin.com\/fr\/wp-json\/wp\/v2\/users\/1"}],"replies":[{"embeddable":true,"href":"https:\/\/www.gedizserin.com\/fr\/wp-json\/wp\/v2\/comments?post=1108"}],"version-history":[{"count":2,"href":"https:\/\/www.gedizserin.com\/fr\/wp-json\/wp\/v2\/posts\/1108\/revisions"}],"predecessor-version":[{"id":1111,"href":"https:\/\/www.gedizserin.com\/fr\/wp-json\/wp\/v2\/posts\/1108\/revisions\/1111"}],"wp:featuredmedia":[{"embeddable":true,"href":"https:\/\/www.gedizserin.com\/fr\/wp-json\/wp\/v2\/media\/1109"}],"wp:attachment":[{"href":"https:\/\/www.gedizserin.com\/fr\/wp-json\/wp\/v2\/media?parent=1108"}],"wp:term":[{"taxonomy":"category","embeddable":true,"href":"https:\/\/www.gedizserin.com\/fr\/wp-json\/wp\/v2\/categories?post=1108"},{"taxonomy":"post_tag","embeddable":true,"href":"https:\/\/www.gedizserin.com\/fr\/wp-json\/wp\/v2\/tags?post=1108"}],"curies":[{"name":"wp","href":"https:\/\/api.w.org\/{rel}","templated":true}]}}