{"id":1105,"date":"2025-05-20T14:19:26","date_gmt":"2025-05-20T11:19:26","guid":{"rendered":"https:\/\/www.gedizserin.com\/fr\/?p=1105"},"modified":"2025-05-20T14:19:26","modified_gmt":"2025-05-20T11:19:26","slug":"une-perforation-de-la-cloison-nasale-peut-elle-se-refermer-spontanement","status":"publish","type":"post","link":"https:\/\/www.gedizserin.com\/fr\/une-perforation-de-la-cloison-nasale-peut-elle-se-refermer-spontanement\/","title":{"rendered":"Une perforation de la cloison nasale peut-elle se refermer spontan\u00e9ment ?"},"content":{"rendered":"<h2><strong>Une perforation de la cloison nasale peut-elle se refermer spontan\u00e9ment ?<\/strong><\/h2>\n<p><strong>Prof. Dr. Gediz Murat Serin | Sp\u00e9cialiste en ORL et chirurgie du visage<\/strong><\/p>\n<p>Sifflement nasal, saignements de nez r\u00e9p\u00e9t\u00e9s, s\u00e9cheresse persistante et formation de cro\u00fbtes\u2026 De nombreux patients vivent avec ces sympt\u00f4mes pendant longtemps, sans savoir que la v\u00e9ritable cause en est souvent une <strong>perforation du septum<\/strong>, c\u2019est-\u00e0-dire un trou dans la paroi m\u00e9diane du nez.<\/p>\n<p>Dans cet article, je vais clarifier une question fr\u00e9quemment pos\u00e9e :<br \/>\n<strong>\u00ab Une perforation septale peut-elle se refermer d\u2019elle-m\u00eame ? \u00bb<\/strong><br \/>\nJe souhaite \u00e9galement expliquer pourquoi cette condition n\u00e9cessite une \u00e9valuation personnalis\u00e9e minutieuse et souligner l\u2019importance d\u2019une approche chirurgicale moderne.<\/p>\n<h2><strong>Qu\u2019est-ce qu\u2019une perforation du septum ?<\/strong><\/h2>\n<p>La structure qui s\u00e9pare les voies respiratoires nasales droite et gauche s\u2019appelle le <strong>septum nasal<\/strong>. Elle est constitu\u00e9e de cartilage \u00e0 l\u2019avant, d\u2019os \u00e0 l\u2019arri\u00e8re et est recouverte de muqueuse des deux c\u00f4t\u00e9s.<\/p>\n<p>Une <strong>perforation<\/strong> dans cette cloison perturbe le flux d\u2019air naturel, d\u00e9s\u00e9quilibre l\u2019humidit\u00e9 et peut, avec le temps, causer des sympt\u00f4mes affectant la qualit\u00e9 de vie.<\/p>\n<h2><strong>Une perforation du septum peut-elle se refermer spontan\u00e9ment ?<\/strong><\/h2>\n<p><strong>R\u00e9ponse courte :<\/strong> En g\u00e9n\u00e9ral, non.<\/p>\n<p>Cependant, chaque cas doit \u00eatre \u00e9valu\u00e9 individuellement. Une fermeture spontan\u00e9e est uniquement possible dans certaines conditions particuli\u00e8res :<\/p>\n<ul>\n<li>Si la perforation est tr\u00e8s petite (moins de 2\u20133 mm)<\/li>\n<li>Si elle est r\u00e9cente (dans les 1 \u00e0 2 premi\u00e8res semaines)<\/li>\n<li>Si elle est due \u00e0 un traumatisme ou \u00e0 une intervention chirurgicale<\/li>\n<li>Si la muqueuse est encore intacte<\/li>\n<\/ul>\n<p>Dans ces cas limit\u00e9s, une gu\u00e9rison spontan\u00e9e est th\u00e9oriquement possible. Toutefois, le flux d\u2019air constant \u00e0 l\u2019int\u00e9rieur du nez rend la cicatrisation difficile. La turbulence de l\u2019air provoque une s\u00e9cheresse et des fissures, r\u00e9duisant ainsi les chances de fermeture. Par cons\u00e9quent, l\u2019attente d\u2019une cicatrisation spontan\u00e9e est souvent d\u00e9cevante et le processus de gu\u00e9rison reste incomplet ou instable.<\/p>\n<h3><strong>Que se passe-t-il si la perforation ne se referme pas ?<\/strong><\/h3>\n<p>Une perforation du septum non trait\u00e9e \u00e0 temps tend g\u00e9n\u00e9ralement \u00e0 s\u2019agrandir.<\/p>\n<p>Avec l\u2019agrandissement, les probl\u00e8mes suivants peuvent appara\u00eetre :<\/p>\n<ul>\n<li>D\u00e9t\u00e9rioration significative de la respiration<\/li>\n<li>Sifflement audible \u00e0 chaque inspiration<\/li>\n<li>Cro\u00fbtes, saignements, mauvaises odeurs<\/li>\n<li>S\u00e9cheresse, fissures et infections de la muqueuse nasale<\/li>\n<li>Dans les cas avanc\u00e9s, d\u00e9formation esth\u00e9tique du nez<\/li>\n<\/ul>\n<p>De plus, une perforation \u00e9largie est plus difficile \u00e0 r\u00e9parer chirurgicalement et n\u00e9cessite une intervention plus complexe. D\u2019o\u00f9 l\u2019importance d\u2019un diagnostic et d\u2019un traitement pr\u00e9coces.<\/p>\n<h3><strong>Toutes les perforations du septum ne se ressemblent pas<\/strong><\/h3>\n<p>Avec pr\u00e8s de 20 ans d\u2019exp\u00e9rience en rhinologie, j\u2019ai observ\u00e9 ceci :<\/p>\n<p>Chaque perforation du septum est unique. La taille, la localisation, la forme, la cause et l\u2019anatomie nasale varient d\u2019un patient \u00e0 l\u2019autre. Appliquer la m\u00eame approche chirurgicale \u00e0 tous est une erreur.<\/p>\n<p>Dans ma pratique, j\u2019utilise <strong>une m\u00e9thode chirurgicale personnalis\u00e9e<\/strong> qui va au-del\u00e0 des approches classiques. Cette technique vise une fermeture permanente en utilisant les propres tissus du patient.<\/p>\n<h3><strong>Une solution durable gr\u00e2ce \u00e0 la technique que j\u2019ai d\u00e9velopp\u00e9e<\/strong><\/h3>\n<p>Dans cette technique, que j\u2019applique avec succ\u00e8s depuis de nombreuses ann\u00e9es, j\u2019utilise <strong>un fin tissu pr\u00e9lev\u00e9 sur la cuisse (fascia lata)<\/strong>. Ce tissu est fa\u00e7onn\u00e9 avec pr\u00e9cision et plac\u00e9 \u00e0 l\u2019int\u00e9rieur du nez.<\/p>\n<p>Si n\u00e9cessaire, <strong>du cartilage costal<\/strong> est \u00e9galement utilis\u00e9 pour assurer une r\u00e9paration \u00e0 la fois structurelle et fonctionnelle.<\/p>\n<p><strong>Cette technique :<\/strong><\/p>\n<ul>\n<li>Peut \u00eatre combin\u00e9e avec une rhinoplastie ferm\u00e9e (endoscopique) ou ouverte<\/li>\n<li>Permet de traiter les besoins esth\u00e9tiques et fonctionnels en une seule intervention<\/li>\n<li>Minimise le risque de r\u00e9cidive<\/li>\n<\/ul>\n<h3><strong>Pourquoi retarder le traitement est risqu\u00e9<\/strong><\/h3>\n<p>Certains patients esp\u00e8rent que \u00ab cela passera \u00bb, et attendent pendant des ann\u00e9es. Or, cette attente entra\u00eene souvent l\u2019\u00e9largissement de la perforation et la chronicit\u00e9 des sympt\u00f4mes. Dans les cas avanc\u00e9s, la chirurgie devient plus \u00e9tendue et la r\u00e9cup\u00e9ration plus longue.<\/p>\n<p><strong>Retarder le traitement :<\/strong><\/p>\n<ul>\n<li>Rend l\u2019intervention plus difficile<\/li>\n<li>R\u00e9duit la qualit\u00e9 de vie<\/li>\n<li>Peut entra\u00eener une d\u00e9tresse psychologique<\/li>\n<\/ul>\n<p>Or, avec une chirurgie effectu\u00e9e au bon moment et avec la bonne technique, il est possible de retrouver un confort nasal sain.<\/p>\n<h3><strong>Conclusion : Intervention pr\u00e9coce et choix d\u2019un chirurgien exp\u00e9riment\u00e9 sont essentiels<\/strong><\/h3>\n<p>La perforation du septum est une pathologie s\u00e9rieuse. Sa fermeture spontan\u00e9e est rare et souvent insuffisante. Une solution efficace et durable ne peut \u00eatre obtenue que par une intervention chirurgicale r\u00e9alis\u00e9e par un expert.<\/p>\n<p>En tant que <strong>Prof. Dr. Gediz Murat Serin<\/strong>, fort de mon exp\u00e9rience clinique et acad\u00e9mique consacr\u00e9e \u00e0 la chirurgie nasale, j\u2019offre une approche personnalis\u00e9e et fond\u00e9e sur la science pour chaque patient. Gr\u00e2ce \u00e0 la technique chirurgicale que j\u2019ai d\u00e9velopp\u00e9e, il est possible d\u2019obtenir des r\u00e9sultats \u00e0 la fois esth\u00e9tiques et fonctionnels durables.<\/p>\n","protected":false},"excerpt":{"rendered":"<p>Une perforation de la cloison nasale peut-elle se refermer spontan\u00e9ment ? Prof. Dr. Gediz Murat Serin | Sp\u00e9cialiste en ORL et chirurgie du visage Sifflement nasal, saignements de nez r\u00e9p\u00e9t\u00e9s, s\u00e9cheresse persistante et formation de cro\u00fbtes\u2026 De nombreux patients vivent avec ces sympt\u00f4mes pendant longtemps, sans savoir que la v\u00e9ritable cause en est souvent une [&hellip;]<\/p>\n","protected":false},"author":1,"featured_media":1106,"comment_status":"open","ping_status":"open","sticky":false,"template":"","format":"standard","meta":{"footnotes":""},"categories":[2],"tags":[],"class_list":["post-1105","post","type-post","status-publish","format-standard","has-post-thumbnail","hentry","category-blog"],"_links":{"self":[{"href":"https:\/\/www.gedizserin.com\/fr\/wp-json\/wp\/v2\/posts\/1105","targetHints":{"allow":["GET"]}}],"collection":[{"href":"https:\/\/www.gedizserin.com\/fr\/wp-json\/wp\/v2\/posts"}],"about":[{"href":"https:\/\/www.gedizserin.com\/fr\/wp-json\/wp\/v2\/types\/post"}],"author":[{"embeddable":true,"href":"https:\/\/www.gedizserin.com\/fr\/wp-json\/wp\/v2\/users\/1"}],"replies":[{"embeddable":true,"href":"https:\/\/www.gedizserin.com\/fr\/wp-json\/wp\/v2\/comments?post=1105"}],"version-history":[{"count":1,"href":"https:\/\/www.gedizserin.com\/fr\/wp-json\/wp\/v2\/posts\/1105\/revisions"}],"predecessor-version":[{"id":1107,"href":"https:\/\/www.gedizserin.com\/fr\/wp-json\/wp\/v2\/posts\/1105\/revisions\/1107"}],"wp:featuredmedia":[{"embeddable":true,"href":"https:\/\/www.gedizserin.com\/fr\/wp-json\/wp\/v2\/media\/1106"}],"wp:attachment":[{"href":"https:\/\/www.gedizserin.com\/fr\/wp-json\/wp\/v2\/media?parent=1105"}],"wp:term":[{"taxonomy":"category","embeddable":true,"href":"https:\/\/www.gedizserin.com\/fr\/wp-json\/wp\/v2\/categories?post=1105"},{"taxonomy":"post_tag","embeddable":true,"href":"https:\/\/www.gedizserin.com\/fr\/wp-json\/wp\/v2\/tags?post=1105"}],"curies":[{"name":"wp","href":"https:\/\/api.w.org\/{rel}","templated":true}]}}