{"id":1082,"date":"2025-05-12T11:13:39","date_gmt":"2025-05-12T08:13:39","guid":{"rendered":"https:\/\/www.gedizserin.com\/fr\/?p=1082"},"modified":"2025-05-12T11:13:39","modified_gmt":"2025-05-12T08:13:39","slug":"nez-devie-et-rhinoplastie-lobjectif-nest-pas-la-perfection-mais-lharmonie","status":"publish","type":"post","link":"https:\/\/www.gedizserin.com\/fr\/nez-devie-et-rhinoplastie-lobjectif-nest-pas-la-perfection-mais-lharmonie\/","title":{"rendered":"Nez D\u00e9vi\u00e9 et Rhinoplastie : L\u2019objectif n\u2019est pas la perfection, mais l\u2019harmonie"},"content":{"rendered":"<h2>Nez D\u00e9vi\u00e9 et Rhinoplastie : L\u2019objectif n\u2019est pas la perfection, mais l\u2019harmonie<\/h2>\n<p>Le nez est une structure essentielle non seulement parce qu\u2019il est situ\u00e9 au centre du visage, mais aussi parce qu\u2019il remplit \u00e0 la fois une fonction esth\u00e9tique et fonctionnelle. Lorsqu\u2019on parle de chirurgie esth\u00e9tique du nez (rhinoplastie), la plupart des gens imaginent un nez sym\u00e9trique, fin et droit. Pourtant, dans le cas du nez d\u00e9vi\u00e9 \u2014 l\u2019un des types de nez les plus complexes \u00e0 traiter \u2014 l\u2019objectif n\u2019est pas la \u00ab perfection \u00bb, mais bien l\u2019harmonie. Car ici, il ne s\u2019agit pas uniquement d\u2019esth\u00e9tique ; des asym\u00e9tries anatomiques complexes, des probl\u00e8mes respiratoires et l\u2019\u00e9quilibre g\u00e9n\u00e9ral du visage entrent \u00e9galement en jeu.<\/p>\n<p>Quand on parle de nez d\u00e9vi\u00e9, beaucoup pensent \u00e0 une d\u00e9viation vers la droite ou la gauche. Mais la r\u00e9alit\u00e9 est bien plus profonde. La d\u00e9viation ne concerne pas uniquement l\u2019aspect ext\u00e9rieur ; les structures internes du nez \u2014 os, cartilage et muqueuse \u2014 sont souvent elles aussi asym\u00e9triques. De plus, le reste du visage (front, menton, pommettes) peut ne pas \u00eatre totalement sym\u00e9trique. Ainsi, l&rsquo;une des d\u00e9cisions les plus importantes pour le chirurgien est la suivante : faut-il aligner le nez au centre du visage ou l\u2019ajuster \u00e0 l\u2019asym\u00e9trie globale du visage ?<\/p>\n<p>C\u2019est \u00e0 ce moment-l\u00e0 que la chirurgie du nez d\u00e9vi\u00e9 se distingue de la rhinoplastie classique. Car ici, le but n\u2019est pas simplement de redresser le nez, mais de r\u00e9tablir l\u2019harmonie proportionnelle du visage.<\/p>\n<p>Les chirurgies du nez d\u00e9vi\u00e9 n\u00e9cessitent presque toujours une approche chirurgicale asym\u00e9trique. Par exemple, plus d\u2019os ou de cartilage peut \u00eatre retir\u00e9 d\u2019un c\u00f4t\u00e9 du nez, tandis que l\u2019autre est renforc\u00e9 ; des greffes de cartilage sont plac\u00e9es dans les zones faibles, et les structures plus solides sont remodel\u00e9es. Chaque moiti\u00e9 du nez re\u00e7oit des traitements diff\u00e9rents \u2014 autrement dit, pour obtenir de la sym\u00e9trie, un plan asym\u00e9trique est souvent n\u00e9cessaire.<\/p>\n<p>Apr\u00e8s de telles interventions pr\u00e9cises, la m\u00e9moire tissulaire peut parfois entrer en jeu pendant le processus de gu\u00e9rison, et le nez peut avoir tendance \u00e0 revenir \u00e0 sa forme initiale. C\u2019est pourquoi, dans les nez d\u00e9vi\u00e9s, de petites r\u00e9visions peuvent \u00eatre n\u00e9cessaires plus fr\u00e9quemment pendant la cicatrisation. Cela ne signifie pas que l\u2019op\u00e9ration a \u00e9chou\u00e9 ; au contraire, cela indique que le chirurgien et le patient doivent suivre ce processus ensemble.<\/p>\n<p>Les r\u00e9sultats de la chirurgie du nez d\u00e9vi\u00e9 ne sont pas imm\u00e9diatement visibles. Pendant les premi\u00e8res semaines, l\u2019\u0153d\u00e8me, les ecchymoses et l\u2019incertitude de la forme sont tout \u00e0 fait naturels. Il faut g\u00e9n\u00e9ralement entre 6 mois et 1 an pour que la forme d\u00e9finitive du nez s\u2019\u00e9tablisse. Durant cette p\u00e9riode, l\u2019\u0153d\u00e8me sous-cutan\u00e9 diminue et le nez prend sa forme finale. Une fois la gu\u00e9rison compl\u00e8te, le r\u00e9sultat devient plus clair et durable. Cependant, il arrive que le patient remarque une l\u00e9g\u00e8re irr\u00e9gularit\u00e9 ou asym\u00e9trie en surface. C\u2019est \u00e0 ce moment-l\u00e0 que les \u00ab r\u00e9visions \u00bb mineures font partie int\u00e9grante du processus.<\/p>\n<p>L\u2019objectif ultime du chirurgien dans les op\u00e9rations du nez d\u00e9vi\u00e9 est d\u2019obtenir une forme naturelle qui s\u2019harmonise au mieux avec la structure g\u00e9n\u00e9rale du visage. Lorsque la fonction respiratoire est correcte, et que le nez convient au profil et aux expressions du patient, le succ\u00e8s est \u00e0 la fois esth\u00e9tique et fonctionnel.<\/p>\n<p>Apr\u00e8s ce type de rhinoplastie, le patient ne se contente pas d\u2019avoir un nez plus esth\u00e9tique, mais il respire plus facilement, gagne en confiance en soi et arbore une apparence en accord avec son visage.<\/p>\n<p>La chirurgie du nez d\u00e9vi\u00e9 nous rappelle que le nez n\u2019est pas seulement un objet esth\u00e9tique, mais une structure fonctionnelle dans laquelle la proportion, l\u2019\u00e9quilibre et la perception se rejoignent entre les mains du chirurgien. Si cette intervention est abord\u00e9e avec patience et des attentes r\u00e9alistes, elle peut aboutir \u00e0 un r\u00e9sultat naturel, \u00e9quilibr\u00e9 et satisfaisant \u00e0 long terme.<\/p>\n<p>En r\u00e9sum\u00e9, l\u2019objectif d\u2019une rhinoplastie sur un nez d\u00e9vi\u00e9 n\u2019est jamais la perfection g\u00e9om\u00e9trique, mais une harmonie naturelle en accord avec l\u2019esprit du visage.<\/p>\n","protected":false},"excerpt":{"rendered":"<p>Nez D\u00e9vi\u00e9 et Rhinoplastie : L\u2019objectif n\u2019est pas la perfection, mais l\u2019harmonie Le nez est une structure essentielle non seulement parce qu\u2019il est situ\u00e9 au centre du visage, mais aussi parce qu\u2019il remplit \u00e0 la fois une fonction esth\u00e9tique et fonctionnelle. Lorsqu\u2019on parle de chirurgie esth\u00e9tique du nez (rhinoplastie), la plupart des gens imaginent un [&hellip;]<\/p>\n","protected":false},"author":1,"featured_media":1083,"comment_status":"open","ping_status":"open","sticky":false,"template":"","format":"standard","meta":{"footnotes":""},"categories":[2],"tags":[],"class_list":["post-1082","post","type-post","status-publish","format-standard","has-post-thumbnail","hentry","category-blog"],"_links":{"self":[{"href":"https:\/\/www.gedizserin.com\/fr\/wp-json\/wp\/v2\/posts\/1082","targetHints":{"allow":["GET"]}}],"collection":[{"href":"https:\/\/www.gedizserin.com\/fr\/wp-json\/wp\/v2\/posts"}],"about":[{"href":"https:\/\/www.gedizserin.com\/fr\/wp-json\/wp\/v2\/types\/post"}],"author":[{"embeddable":true,"href":"https:\/\/www.gedizserin.com\/fr\/wp-json\/wp\/v2\/users\/1"}],"replies":[{"embeddable":true,"href":"https:\/\/www.gedizserin.com\/fr\/wp-json\/wp\/v2\/comments?post=1082"}],"version-history":[{"count":1,"href":"https:\/\/www.gedizserin.com\/fr\/wp-json\/wp\/v2\/posts\/1082\/revisions"}],"predecessor-version":[{"id":1084,"href":"https:\/\/www.gedizserin.com\/fr\/wp-json\/wp\/v2\/posts\/1082\/revisions\/1084"}],"wp:featuredmedia":[{"embeddable":true,"href":"https:\/\/www.gedizserin.com\/fr\/wp-json\/wp\/v2\/media\/1083"}],"wp:attachment":[{"href":"https:\/\/www.gedizserin.com\/fr\/wp-json\/wp\/v2\/media?parent=1082"}],"wp:term":[{"taxonomy":"category","embeddable":true,"href":"https:\/\/www.gedizserin.com\/fr\/wp-json\/wp\/v2\/categories?post=1082"},{"taxonomy":"post_tag","embeddable":true,"href":"https:\/\/www.gedizserin.com\/fr\/wp-json\/wp\/v2\/tags?post=1082"}],"curies":[{"name":"wp","href":"https:\/\/api.w.org\/{rel}","templated":true}]}}