{"id":1075,"date":"2025-05-05T12:58:00","date_gmt":"2025-05-05T09:58:00","guid":{"rendered":"https:\/\/www.gedizserin.com\/fr\/?p=1075"},"modified":"2025-05-05T12:58:00","modified_gmt":"2025-05-05T09:58:00","slug":"nodules-des-cordes-vocales-une-operation-est-elle-vraiment-necessaire","status":"publish","type":"post","link":"https:\/\/www.gedizserin.com\/fr\/nodules-des-cordes-vocales-une-operation-est-elle-vraiment-necessaire\/","title":{"rendered":"Nodules des cordes vocales : Une op\u00e9ration est-elle vraiment n\u00e9cessaire ?"},"content":{"rendered":"<p>Votre voix est-elle rauque le matin ? Vous ressentez une fatigue vocale en parlant ou votre voix s\u2019enroue au fil de la journ\u00e9e ? Ces sympt\u00f4mes peuvent sembler anodins, mais ils peuvent \u00eatre un signal d\u2019alarme concernant la sant\u00e9 de vos cordes vocales, surtout s\u2019ils se r\u00e9p\u00e8tent fr\u00e9quemment. Car derri\u00e8re ces signes se cache souvent un probl\u00e8me courant : les nodules des cordes vocales.<\/p>\n<p>Mais ces nodules sont-ils vraiment graves ? Une op\u00e9ration est-elle toujours n\u00e9cessaire ? Voici les r\u00e9ponses \u00e0 ces questions\u2026 et bien plus encore.<\/p>\n<h2><strong>Que sont les nodules des cordes vocales ?<\/strong><\/h2>\n<p>Les nodules des cordes vocales sont de petites excroissances b\u00e9nignes qui apparaissent de fa\u00e7on sym\u00e9trique au centre des deux cordes vocales. Ils se d\u00e9veloppent g\u00e9n\u00e9ralement en raison d\u2019un usage excessif ou incorrect de la voix. Lorsqu\u2019un nodule est unilat\u00e9ral, cela peut indiquer une autre pathologie, car les nodules vrais sont sym\u00e9triques.<\/p>\n<p>Ils sont fr\u00e9quents dans les professions suivantes :<\/p>\n<ul>\n<li>Enseignants<\/li>\n<li>Chanteurs<\/li>\n<li>Employ\u00e9s de centres d\u2019appel<\/li>\n<li>Entra\u00eeneurs<\/li>\n<li>Guides touristiques<\/li>\n<\/ul>\n<p>Ces nodules emp\u00eachent la fermeture compl\u00e8te des cordes vocales, alt\u00e9rant ainsi la clart\u00e9 de la voix, provoquant un enrouement et une fatigue vocale rapide.<\/p>\n<h2><strong>Premi\u00e8re \u00e9tape : pas la chirurgie, mais la th\u00e9rapie vocale<\/strong><\/h2>\n<p>Contrairement aux id\u00e9es re\u00e7ues, le traitement des nodules des cordes vocales commence rarement par la chirurgie. Les approches conservatrices (non chirurgicales) visent \u00e0 prot\u00e9ger les cordes vocales et \u00e0 permettre la r\u00e9gression spontan\u00e9e du nodule.<\/p>\n<p>M\u00e9thodes conservatrices appliqu\u00e9es :<\/p>\n<ul>\n<li><strong>Th\u00e9rapie vocale<\/strong> : Des exercices pratiqu\u00e9s avec un orthophoniste permettent de corriger les mauvaises habitudes vocales.<\/li>\n<li><strong>Hygi\u00e8ne vocale<\/strong> : Adoption de bonnes habitudes comme l\u2019arr\u00eat du tabac, une hydratation suffisante, \u00e9viter de parler fort, etc.<\/li>\n<li><strong>Traitement des causes sous-jacentes<\/strong> : Reflux gastrique, allergies, toux chronique, etc.<\/li>\n<li><strong>Repos vocal<\/strong> : Recommand\u00e9 surtout en p\u00e9riode aigu\u00eb.<\/li>\n<\/ul>\n<p>Gr\u00e2ce \u00e0 ces m\u00e9thodes, de nombreux cas voient le nodule r\u00e9gresser, voire dispara\u00eetre compl\u00e8tement.<\/p>\n<h3><strong>Pour les nodules persistants : l\u2019option chirurgicale au laser<\/strong><\/h3>\n<p>Si les nodules persistent malgr\u00e9 le traitement conservateur, et que la qualit\u00e9 vocale est gravement affect\u00e9e, une intervention chirurgicale peut \u00eatre envisag\u00e9e. L\u2019une des m\u00e9thodes les plus modernes et pr\u00e9cises est la chirurgie au laser des cordes vocales.<\/p>\n<h3><strong>Comment se d\u00e9roule une chirurgie au laser des nodules vocaux ?<\/strong><\/h3>\n<ul>\n<li>La technique de microlaryngoscopie est utilis\u00e9e, le patient est sous anesth\u00e9sie g\u00e9n\u00e9rale et les cordes vocales sont visualis\u00e9es \u00e0 l\u2019aide d\u2019un microscope sp\u00e9cial via la bouche.<\/li>\n<li>Le laser permet de vaporiser le nodule avec pr\u00e9cision, sans endommager les tissus profonds des cordes vocales.<\/li>\n<li>Le laser offre un champ op\u00e9ratoire sans saignement, minimise les dommages aux tissus voisins et acc\u00e9l\u00e8re la gu\u00e9rison.<\/li>\n<\/ul>\n<p>Cette m\u00e9thode est particuli\u00e8rement avantageuse pour les professionnels de la voix, car elle pr\u00e9serve la qualit\u00e9 vocale.<\/p>\n<h3><strong>Est-ce vraiment une chirurgie au laser ?<\/strong><\/h3>\n<p>De nombreuses personnes affirment avoir subi une op\u00e9ration \u00ab au laser \u00bb, mais cette expression n\u2019est pas toujours correcte. Dans certaines chirurgies esth\u00e9tiques ou ORL, le terme \u00ab laser \u00bb est parfois utilis\u00e9 de mani\u00e8re marketing alors que l\u2019intervention est faite avec un scalpel traditionnel.<\/p>\n<p>Cependant, dans les chirurgies des cordes vocales, le laser est v\u00e9ritablement utilis\u00e9 comme un outil op\u00e9ratoire. Ce n\u2019est pas un simple terme commercial : il joue un r\u00f4le actif dans l\u2019intervention. Le laser permet d\u2019\u00e9liminer le nodule avec pr\u00e9cision, sans ab\u00eemer les tissus profonds, ce qui assure une op\u00e9ration sans saignement et une r\u00e9cup\u00e9ration rapide.<\/p>\n<h3><strong>Quelles pr\u00e9cautions apr\u00e8s l\u2019op\u00e9ration ?<\/strong><\/h3>\n<p>La chirurgie ne fait que retirer le nodule. Si les mauvaises habitudes vocales persistent, le risque de r\u00e9cidive est \u00e9lev\u00e9. Ainsi :<\/p>\n<ul>\n<li>Un repos vocal est recommand\u00e9 apr\u00e8s l\u2019op\u00e9ration.<\/li>\n<li>Une nouvelle phase de th\u00e9rapie vocale doit \u00eatre entam\u00e9e.<\/li>\n<li>Il faut modifier en profondeur ses habitudes d\u2019utilisation de la voix.<\/li>\n<\/ul>\n<h3><strong>Conclusion : Prot\u00e9gez votre voix<\/strong><\/h3>\n<p>Votre voix est l\u2019un de vos moyens d\u2019expression les plus pr\u00e9cieux. Les nodules vocaux peuvent \u00eatre ma\u00eetris\u00e9s s\u2019ils sont d\u00e9tect\u00e9s t\u00f4t et trait\u00e9s correctement. Dans la majorit\u00e9 des cas, la gu\u00e9rison est possible sans op\u00e9ration. Mais en cas de retard, une perte vocale permanente peut survenir.<\/p>\n<p>N\u2019oubliez pas : il est toujours plus facile de prot\u00e9ger sa voix que de tenter de la r\u00e9cup\u00e9rer.<\/p>\n","protected":false},"excerpt":{"rendered":"<p>Votre voix est-elle rauque le matin ? Vous ressentez une fatigue vocale en parlant ou votre voix s\u2019enroue au fil de la journ\u00e9e ? Ces sympt\u00f4mes peuvent sembler anodins, mais ils peuvent \u00eatre un signal d\u2019alarme concernant la sant\u00e9 de vos cordes vocales, surtout s\u2019ils se r\u00e9p\u00e8tent fr\u00e9quemment. Car derri\u00e8re ces signes se cache souvent [&hellip;]<\/p>\n","protected":false},"author":1,"featured_media":1076,"comment_status":"open","ping_status":"open","sticky":false,"template":"","format":"standard","meta":{"footnotes":""},"categories":[2],"tags":[],"class_list":["post-1075","post","type-post","status-publish","format-standard","has-post-thumbnail","hentry","category-blog"],"_links":{"self":[{"href":"https:\/\/www.gedizserin.com\/fr\/wp-json\/wp\/v2\/posts\/1075","targetHints":{"allow":["GET"]}}],"collection":[{"href":"https:\/\/www.gedizserin.com\/fr\/wp-json\/wp\/v2\/posts"}],"about":[{"href":"https:\/\/www.gedizserin.com\/fr\/wp-json\/wp\/v2\/types\/post"}],"author":[{"embeddable":true,"href":"https:\/\/www.gedizserin.com\/fr\/wp-json\/wp\/v2\/users\/1"}],"replies":[{"embeddable":true,"href":"https:\/\/www.gedizserin.com\/fr\/wp-json\/wp\/v2\/comments?post=1075"}],"version-history":[{"count":1,"href":"https:\/\/www.gedizserin.com\/fr\/wp-json\/wp\/v2\/posts\/1075\/revisions"}],"predecessor-version":[{"id":1077,"href":"https:\/\/www.gedizserin.com\/fr\/wp-json\/wp\/v2\/posts\/1075\/revisions\/1077"}],"wp:featuredmedia":[{"embeddable":true,"href":"https:\/\/www.gedizserin.com\/fr\/wp-json\/wp\/v2\/media\/1076"}],"wp:attachment":[{"href":"https:\/\/www.gedizserin.com\/fr\/wp-json\/wp\/v2\/media?parent=1075"}],"wp:term":[{"taxonomy":"category","embeddable":true,"href":"https:\/\/www.gedizserin.com\/fr\/wp-json\/wp\/v2\/categories?post=1075"},{"taxonomy":"post_tag","embeddable":true,"href":"https:\/\/www.gedizserin.com\/fr\/wp-json\/wp\/v2\/tags?post=1075"}],"curies":[{"name":"wp","href":"https:\/\/api.w.org\/{rel}","templated":true}]}}