{"id":1071,"date":"2025-05-05T12:43:30","date_gmt":"2025-05-05T09:43:30","guid":{"rendered":"https:\/\/www.gedizserin.com\/fr\/?p=1071"},"modified":"2025-05-05T12:43:46","modified_gmt":"2025-05-05T09:43:46","slug":"chirurgie-de-loedeme-de-reinke","status":"publish","type":"post","link":"https:\/\/www.gedizserin.com\/fr\/chirurgie-de-loedeme-de-reinke\/","title":{"rendered":"Chirurgie de l\u2019\u0153d\u00e8me de Reinke"},"content":{"rendered":"<p>Votre voix est-elle rauque le matin ? Votre \u00e9locution devient-elle plus lente, votre timbre dispara\u00eet-il peu \u00e0 peu ? Si vous \u00eates une femme fumeuse, ces changements peuvent indiquer un trouble plus grave que vous ne le pensez : l\u2019\u0153d\u00e8me de Reinke.<\/p>\n<h2><strong>Qu\u2019est-ce que l\u2019\u0153d\u00e8me de Reinke ?<\/strong><\/h2>\n<p>L\u2019\u0153d\u00e8me de Reinke est un gonflement des tissus mous provoqu\u00e9 par l\u2019accumulation de liquide dans un espace sp\u00e9cifique des cordes vocales appel\u00e9 espace de Reinke. Ce trouble affecte g\u00e9n\u00e9ralement les deux cordes vocales et provoque un \u00e9paississement de la voix, un enrouement et une sensation de fatigue vocale.<\/p>\n<h2><strong>Le principal facteur de risque : les femmes et le tabac<\/strong><\/h2>\n<p>Cette pathologie est plus fr\u00e9quente chez les femmes, car leurs cordes vocales sont plus fines et donc plus sensibles aux vibrations, ce qui les rend plus vuln\u00e9rables \u00e0 l\u2019apparition d\u2019un \u0153d\u00e8me.<\/p>\n<p>Mais le coupable principal est bien identifi\u00e9 : le tabagisme chronique.<\/p>\n<p>La fum\u00e9e de cigarette ass\u00e8che constamment les cordes vocales, les irrite et alt\u00e8re leur structure vasculaire. Les substances toxiques contenues dans la cigarette transforment progressivement les tissus de l\u2019espace de Reinke en une texture spongieuse, propice \u00e0 la formation d\u2019un \u0153d\u00e8me.<\/p>\n<p>Si vous \u00eates une femme fumeuse, votre risque de d\u00e9velopper un \u0153d\u00e8me de Reinke est particuli\u00e8rement \u00e9lev\u00e9.<\/p>\n<h3><strong>Quels sont les sympt\u00f4mes ?<\/strong><\/h3>\n<ul>\n<li>Voix grave, rauque et enrou\u00e9e (plus marqu\u00e9e le matin)<\/li>\n<li>Fatigue vocale rapide<\/li>\n<li>Perte du timbre vocal<\/li>\n<li>Besoin fr\u00e9quent de se racler la gorge<\/li>\n<li>Essoufflement (dans les cas avanc\u00e9s)<\/li>\n<\/ul>\n<h3><strong>Comment le diagnostic est-il pos\u00e9 ?<\/strong><\/h3>\n<p>Le diagnostic repose sur un examen visuel direct des cordes vocales \u00e0 l\u2019aide d\u2019une laryngoscopie. Si n\u00e9cessaire, une vid\u00e9ostroboscopie peut \u00eatre r\u00e9alis\u00e9e pour analyser les vibrations des cordes vocales. Ces examens permettent de d\u00e9terminer l\u2019\u00e9tendue et la gravit\u00e9 de l\u2019\u0153d\u00e8me.<\/p>\n<h3><strong>Quel est le traitement ?<\/strong><\/h3>\n<p>Dans les cas avanc\u00e9s, le seul traitement efficace est chirurgical.<\/p>\n<h3><strong>Microchirurgie assist\u00e9e par laser<\/strong><\/h3>\n<p>La chirurgie est r\u00e9alis\u00e9e par microlaryngoscopie, une intervention effectu\u00e9e par la bouche. Un laser CO\u2082 est utilis\u00e9 pour retirer d\u00e9licatement les tissus \u0153d\u00e9mateux, drainer le liquide accumul\u00e9 et pr\u00e9server les vibrations naturelles des cordes vocales.<\/p>\n<p>Cette intervention est r\u00e9ellement effectu\u00e9e avec un laser. Contrairement \u00e0 d\u2019autres chirurgies dites \u201cau laser\u201d qui n\u2019en utilisent pas, ici, le laser constitue une partie active et essentielle de l\u2019op\u00e9ration.<\/p>\n<h3><strong>Apr\u00e8s l\u2019intervention<\/strong><\/h3>\n<ul>\n<li>Repos vocal strict pendant la premi\u00e8re semaine<\/li>\n<li>Arr\u00eat total du tabac et \u00e9viter les environnements enfum\u00e9s<\/li>\n<li>Si n\u00e9cessaire, accompagnement par orthophonie<\/li>\n<li>La gu\u00e9rison compl\u00e8te se fait g\u00e9n\u00e9ralement en quelques semaines<\/li>\n<\/ul>\n<h3><strong>Peut-il \u00e9voluer en cancer ?<\/strong><\/h3>\n<p>L\u2019\u0153d\u00e8me de Reinke est une affection b\u00e9nigne qui ne d\u00e9g\u00e9n\u00e8re pas directement en cancer. Toutefois, le tabagisme prolong\u00e9 peut entra\u00eener d\u2019autres modifications cellulaires des cordes vocales, n\u00e9cessitant une surveillance m\u00e9dicale r\u00e9guli\u00e8re.<\/p>\n<h3><strong>Comment pr\u00e9venir cette affection ?<\/strong><\/h3>\n<ul>\n<li>Arr\u00eater de fumer<\/li>\n<li>Adopter une hygi\u00e8ne vocale (\u00e9viter de crier, parler longtemps, etc.)<\/li>\n<li>Traiter le reflux gastro-\u0153sophagien<\/li>\n<li>Les professionnels de la voix devraient b\u00e9n\u00e9ficier d\u2019un accompagnement orthophonique<\/li>\n<\/ul>\n<h3><strong>En conclusion<\/strong><\/h3>\n<p>La voix est une identit\u00e9 : il faut en prendre soin avant de la perdre. Si vous \u00eates une femme, ne n\u00e9gligez pas les changements dans votre voix. Et si vous fumez, sachez que votre voix vous envoie peut-\u00eatre un appel au secours\u2026 en silence.<\/p>\n","protected":false},"excerpt":{"rendered":"<p>Votre voix est-elle rauque le matin ? Votre \u00e9locution devient-elle plus lente, votre timbre dispara\u00eet-il peu \u00e0 peu ? Si vous \u00eates une femme fumeuse, ces changements peuvent indiquer un trouble plus grave que vous ne le pensez : l\u2019\u0153d\u00e8me de Reinke. Qu\u2019est-ce que l\u2019\u0153d\u00e8me de Reinke ? L\u2019\u0153d\u00e8me de Reinke est un gonflement des [&hellip;]<\/p>\n","protected":false},"author":1,"featured_media":1072,"comment_status":"open","ping_status":"open","sticky":false,"template":"","format":"standard","meta":{"footnotes":""},"categories":[8],"tags":[],"class_list":["post-1071","post","type-post","status-publish","format-standard","has-post-thumbnail","hentry","category-chirurgies-des-cordes-vocales"],"_links":{"self":[{"href":"https:\/\/www.gedizserin.com\/fr\/wp-json\/wp\/v2\/posts\/1071","targetHints":{"allow":["GET"]}}],"collection":[{"href":"https:\/\/www.gedizserin.com\/fr\/wp-json\/wp\/v2\/posts"}],"about":[{"href":"https:\/\/www.gedizserin.com\/fr\/wp-json\/wp\/v2\/types\/post"}],"author":[{"embeddable":true,"href":"https:\/\/www.gedizserin.com\/fr\/wp-json\/wp\/v2\/users\/1"}],"replies":[{"embeddable":true,"href":"https:\/\/www.gedizserin.com\/fr\/wp-json\/wp\/v2\/comments?post=1071"}],"version-history":[{"count":1,"href":"https:\/\/www.gedizserin.com\/fr\/wp-json\/wp\/v2\/posts\/1071\/revisions"}],"predecessor-version":[{"id":1073,"href":"https:\/\/www.gedizserin.com\/fr\/wp-json\/wp\/v2\/posts\/1071\/revisions\/1073"}],"wp:featuredmedia":[{"embeddable":true,"href":"https:\/\/www.gedizserin.com\/fr\/wp-json\/wp\/v2\/media\/1072"}],"wp:attachment":[{"href":"https:\/\/www.gedizserin.com\/fr\/wp-json\/wp\/v2\/media?parent=1071"}],"wp:term":[{"taxonomy":"category","embeddable":true,"href":"https:\/\/www.gedizserin.com\/fr\/wp-json\/wp\/v2\/categories?post=1071"},{"taxonomy":"post_tag","embeddable":true,"href":"https:\/\/www.gedizserin.com\/fr\/wp-json\/wp\/v2\/tags?post=1071"}],"curies":[{"name":"wp","href":"https:\/\/api.w.org\/{rel}","templated":true}]}}